{"id":2458,"date":"2025-03-27T10:27:10","date_gmt":"2025-03-27T09:27:10","guid":{"rendered":"https:\/\/www.comarcadelaranda.com\/?p=2458"},"modified":"2025-03-27T11:31:43","modified_gmt":"2025-03-27T10:31:43","slug":"aragon-tierra-de-cultura-llega-a-brea-de-aragon-con-una-comedia-musical","status":"publish","type":"post","link":"https:\/\/www.comarcadelaranda.com\/index.php\/2025\/03\/27\/aragon-tierra-de-cultura-llega-a-brea-de-aragon-con-una-comedia-musical\/","title":{"rendered":"\u2018Arag\u00f3n, tierra de cultura\u2019 llega a Brea de Arag\u00f3n con una comedia musical"},"content":{"rendered":"\t\t<div data-elementor-type=\"wp-post\" data-elementor-id=\"2458\" class=\"elementor elementor-2458\" data-elementor-post-type=\"post\">\n\t\t\t\t\t\t<section class=\"elementor-section elementor-top-section elementor-element elementor-element-41ddfe07 elementor-section-height-min-height elementor-section-full_width elementor-section-stretched elementor-section-height-default elementor-section-items-middle\" data-id=\"41ddfe07\" data-element_type=\"section\" data-settings=\"{&quot;background_background&quot;:&quot;classic&quot;,&quot;stretch_section&quot;:&quot;section-stretched&quot;}\">\n\t\t\t\t\t\t\t<div class=\"elementor-background-overlay\"><\/div>\n\t\t\t\t\t\t\t<div class=\"elementor-container elementor-column-gap-default\">\n\t\t\t\t\t<div class=\"elementor-column elementor-col-100 elementor-top-column elementor-element elementor-element-4bee34ff\" data-id=\"4bee34ff\" data-element_type=\"column\">\n\t\t\t<div class=\"elementor-widget-wrap elementor-element-populated\">\n\t\t\t\t\t\t<div class=\"elementor-element elementor-element-2c21383 elementor-align-center elementor-widget elementor-widget-post-info\" data-id=\"2c21383\" data-element_type=\"widget\" data-widget_type=\"post-info.default\">\n\t\t\t\t<div class=\"elementor-widget-container\">\n\t\t\t\t\t\t\t<ul class=\"elementor-inline-items elementor-icon-list-items elementor-post-info\">\n\t\t\t\t\t\t\t\t<li class=\"elementor-icon-list-item elementor-repeater-item-565ccc3 elementor-inline-item\" itemprop=\"datePublished\">\n\t\t\t\t\t\t<a href=\"https:\/\/www.comarcadelaranda.com\/index.php\/2025\/03\/27\/\">\n\t\t\t\t\t\t\t\t\t\t\t<span class=\"elementor-icon-list-icon\">\n\t\t\t\t\t\t\t\t<svg aria-hidden=\"true\" class=\"e-font-icon-svg e-fas-calendar\" viewBox=\"0 0 448 512\" xmlns=\"http:\/\/www.w3.org\/2000\/svg\"><path d=\"M12 192h424c6.6 0 12 5.4 12 12v260c0 26.5-21.5 48-48 48H48c-26.5 0-48-21.5-48-48V204c0-6.6 5.4-12 12-12zm436-44v-36c0-26.5-21.5-48-48-48h-48V12c0-6.6-5.4-12-12-12h-40c-6.6 0-12 5.4-12 12v52H160V12c0-6.6-5.4-12-12-12h-40c-6.6 0-12 5.4-12 12v52H48C21.5 64 0 85.5 0 112v36c0 6.6 5.4 12 12 12h424c6.6 0 12-5.4 12-12z\"><\/path><\/svg>\t\t\t\t\t\t\t<\/span>\n\t\t\t\t\t\t\t\t\t<span class=\"elementor-icon-list-text elementor-post-info__item elementor-post-info__item--type-date\">\n\t\t\t\t\t\t\t\t\t\t<time>marzo 27, 2025<\/time>\t\t\t\t\t<\/span>\n\t\t\t\t\t\t\t\t\t<\/a>\n\t\t\t\t<\/li>\n\t\t\t\t<li class=\"elementor-icon-list-item elementor-repeater-item-ebf1b7b elementor-inline-item\">\n\t\t\t\t\t\t\t\t\t\t<span class=\"elementor-icon-list-icon\">\n\t\t\t\t\t\t\t\t<svg aria-hidden=\"true\" class=\"e-font-icon-svg e-far-clock\" viewBox=\"0 0 512 512\" xmlns=\"http:\/\/www.w3.org\/2000\/svg\"><path d=\"M256 8C119 8 8 119 8 256s111 248 248 248 248-111 248-248S393 8 256 8zm0 448c-110.5 0-200-89.5-200-200S145.5 56 256 56s200 89.5 200 200-89.5 200-200 200zm61.8-104.4l-84.9-61.7c-3.1-2.3-4.9-5.9-4.9-9.7V116c0-6.6 5.4-12 12-12h32c6.6 0 12 5.4 12 12v141.7l66.8 48.6c5.4 3.9 6.5 11.4 2.6 16.8L334.6 349c-3.9 5.3-11.4 6.5-16.8 2.6z\"><\/path><\/svg>\t\t\t\t\t\t\t<\/span>\n\t\t\t\t\t\t\t\t\t<span class=\"elementor-icon-list-text elementor-post-info__item elementor-post-info__item--type-time\">\n\t\t\t\t\t\t\t\t\t\t<time>10:27<\/time>\t\t\t\t\t<\/span>\n\t\t\t\t\t\t\t\t<\/li>\n\t\t\t\t<\/ul>\n\t\t\t\t\t\t<\/div>\n\t\t\t\t<\/div>\n\t\t\t\t<div class=\"elementor-element elementor-element-4cacc150 elementor-widget elementor-widget-heading\" data-id=\"4cacc150\" data-element_type=\"widget\" data-widget_type=\"heading.default\">\n\t\t\t\t<div class=\"elementor-widget-container\">\n\t\t\t\t\t<h1 class=\"elementor-heading-title elementor-size-default\">\u2018Arag\u00f3n, tierra de cultura\u2019 llega a Brea de Arag\u00f3n con una comedia musical<\/h1>\t\t\t\t<\/div>\n\t\t\t\t<\/div>\n\t\t\t\t\t<\/div>\n\t\t<\/div>\n\t\t\t\t\t<\/div>\n\t\t<\/section>\n\t\t\t\t<section class=\"elementor-section elementor-top-section elementor-element elementor-element-68e3dfa elementor-section-full_width elementor-section-stretched elementor-section-height-default elementor-section-height-default\" data-id=\"68e3dfa\" data-element_type=\"section\" data-settings=\"{&quot;stretch_section&quot;:&quot;section-stretched&quot;}\">\n\t\t\t\t\t\t<div class=\"elementor-container elementor-column-gap-default\">\n\t\t\t\t\t<div class=\"elementor-column elementor-col-100 elementor-top-column elementor-element elementor-element-3ea692a8\" data-id=\"3ea692a8\" data-element_type=\"column\">\n\t\t\t<div class=\"elementor-widget-wrap elementor-element-populated\">\n\t\t\t\t\t\t<div class=\"elementor-element elementor-element-cc17c2c elementor-widget elementor-widget-text-editor\" data-id=\"cc17c2c\" data-element_type=\"widget\" data-widget_type=\"text-editor.default\">\n\t\t\t\t<div class=\"elementor-widget-container\">\n\t\t\t\t\t\t\t\t\t<p class=\"\" data-start=\"213\" data-end=\"614\">El programa <strong data-start=\"225\" data-end=\"256\">\u201cArag\u00f3n, tierra de cultura\u201d<\/strong> contin\u00faa su compromiso de dinamizar la regi\u00f3n y dar visibilidad al talento aragon\u00e9s, presentando en el primer semestre de 2025 m\u00e1s de cien eventos en espacios \u00fanicos a lo largo de la Comunidad. Como parte de esta iniciativa, Brea de Arag\u00f3n se viste de cultura con la presentaci\u00f3n de la comedia musical <strong data-start=\"559\" data-end=\"613\">\u201cLa maldad (o los raticos oscuros de Shakespeare)\u201d<\/strong>.<\/p><p class=\"\" data-start=\"616\" data-end=\"657\"><strong data-start=\"616\" data-end=\"657\">Una cita imperdible en el Cine-teatro<\/strong><\/p><p class=\"\" data-start=\"659\" data-end=\"1066\">El pr\u00f3ximo 29 de marzo de 2025 a las 19:00 h., el Cine-teatro de Brea de Arag\u00f3n acoger\u00e1 este espect\u00e1culo que fusiona clown, buf\u00f3n, danza y m\u00fasica en directo para llevar a escena a los villanos m\u00e1s emblem\u00e1ticos del teatro de Shakespeare. Dirigida por Alfonso Palomares, la obra cuenta con la actuaci\u00f3n de Encarni Corrales, Manuel L\u00f3pez-Vigo, Elena G\u00f3mez Zazurca, Laura Torrijos y el propio Alfonso Palomares.<\/p><p class=\"\" data-start=\"1068\" data-end=\"1112\"><strong data-start=\"1068\" data-end=\"1112\">Una propuesta innovadora y contempor\u00e1nea<\/strong><\/p><p class=\"\" data-start=\"1114\" data-end=\"1635\">La comedia musical se adentra en la exploraci\u00f3n del lado oscuro de la condici\u00f3n humana con un enfoque divertido y reflexivo. Seis personajes se encuentran en un escenario que simula un teatro, sin saber c\u00f3mo han llegado all\u00ed, y deben hablar de la maldad utilizando para ello elementos de parodia, canciones y bailes. La puesta en escena incorpora intervenciones inspiradas en los 7 vicios capitales y en algunas de las escenas m\u00e1s ic\u00f3nicas y perversas del bardo ingl\u00e9s, haciendo de este espect\u00e1culo una experiencia \u00fanica.<\/p><p class=\"\" data-start=\"1637\" data-end=\"1680\"><strong data-start=\"1637\" data-end=\"1680\">El valor de \u201cArag\u00f3n, tierra de cultura\u201d<\/strong><\/p><p class=\"\" data-start=\"1682\" data-end=\"2265\">Con la organizaci\u00f3n de m\u00e1s de cien eventos en m\u00e1s de 75 municipios, el programa <strong data-start=\"1762\" data-end=\"1793\">\u201cArag\u00f3n, tierra de cultura\u201d<\/strong> se erige como una plataforma que acerca la cultura a cada rinc\u00f3n de Arag\u00f3n, ofreciendo propuestas que combinan distintas disciplinas art\u00edsticas y que ponen en valor tanto el patrimonio cultural como el talento local. La iniciativa, impulsada por la Direcci\u00f3n General de Cultura en colaboraci\u00f3n con la Direcci\u00f3n General de Turismo del Gobierno de Arag\u00f3n, refuerza el compromiso con la difusi\u00f3n del arte contempor\u00e1neo y la promoci\u00f3n de experiencias culturales inolvidables.<\/p>\t\t\t\t\t\t\t\t<\/div>\n\t\t\t\t<\/div>\n\t\t\t\t\t<\/div>\n\t\t<\/div>\n\t\t\t\t\t<\/div>\n\t\t<\/section>\n\t\t\t\t<\/div>\n\t\t","protected":false},"excerpt":{"rendered":"<p>El programa \u201cArag\u00f3n, tierra de cultura\u201d contin\u00faa su compromiso de dinamizar la regi\u00f3n y dar visibilidad al talento aragon\u00e9s, presentando en el primer semestre de 2025 m\u00e1s de cien eventos en espacios \u00fanicos a lo largo de la Comunidad. Como parte de esta iniciativa, Brea de Arag\u00f3n se viste de cultura con la presentaci\u00f3n de la comedia musical \u201cLa maldad (o los raticos oscuros de Shakespeare)\u201d.<\/p>\n","protected":false},"author":2,"featured_media":2456,"comment_status":"open","ping_status":"closed","sticky":false,"template":"elementor_header_footer","format":"standard","meta":{"site-sidebar-layout":"default","site-content-layout":"","ast-site-content-layout":"","site-content-style":"default","site-sidebar-style":"default","ast-global-header-display":"","ast-banner-title-visibility":"","ast-main-header-display":"","ast-hfb-above-header-display":"","ast-hfb-below-header-display":"","ast-hfb-mobile-header-display":"","site-post-title":"","ast-breadcrumbs-content":"","ast-featured-img":"","footer-sml-layout":"","theme-transparent-header-meta":"","adv-header-id-meta":"","stick-header-meta":"","header-above-stick-meta":"","header-main-stick-meta":"","header-below-stick-meta":"","astra-migrate-meta-layouts":"default","ast-page-background-enabled":"default","ast-page-background-meta":{"desktop":{"background-color":"var(--ast-global-color-5)","background-image":"","background-repeat":"repeat","background-position":"center center","background-size":"auto","background-attachment":"scroll","background-type":"","background-media":"","overlay-type":"","overlay-color":"","overlay-opacity":"","overlay-gradient":""},"tablet":{"background-color":"","background-image":"","background-repeat":"repeat","background-position":"center center","background-size":"auto","background-attachment":"scroll","background-type":"","background-media":"","overlay-type":"","overlay-color":"","overlay-opacity":"","overlay-gradient":""},"mobile":{"background-color":"","background-image":"","background-repeat":"repeat","background-position":"center center","background-size":"auto","background-attachment":"scroll","background-type":"","background-media":"","overlay-type":"","overlay-color":"","overlay-opacity":"","overlay-gradient":""}},"ast-content-background-meta":{"desktop":{"background-color":"var(--ast-global-color-4)","background-image":"","background-repeat":"repeat","background-position":"center center","background-size":"auto","background-attachment":"scroll","background-type":"","background-media":"","overlay-type":"","overlay-color":"","overlay-opacity":"","overlay-gradient":""},"tablet":{"background-color":"var(--ast-global-color-4)","background-image":"","background-repeat":"repeat","background-position":"center center","background-size":"auto","background-attachment":"scroll","background-type":"","background-media":"","overlay-type":"","overlay-color":"","overlay-opacity":"","overlay-gradient":""},"mobile":{"background-color":"var(--ast-global-color-4)","background-image":"","background-repeat":"repeat","background-position":"center center","background-size":"auto","background-attachment":"scroll","background-type":"","background-media":"","overlay-type":"","overlay-color":"","overlay-opacity":"","overlay-gradient":""}},"footnotes":""},"categories":[1],"tags":[],"class_list":["post-2458","post","type-post","status-publish","format-standard","has-post-thumbnail","hentry","category-uncategorized"],"_links":{"self":[{"href":"https:\/\/www.comarcadelaranda.com\/index.php\/wp-json\/wp\/v2\/posts\/2458","targetHints":{"allow":["GET"]}}],"collection":[{"href":"https:\/\/www.comarcadelaranda.com\/index.php\/wp-json\/wp\/v2\/posts"}],"about":[{"href":"https:\/\/www.comarcadelaranda.com\/index.php\/wp-json\/wp\/v2\/types\/post"}],"author":[{"embeddable":true,"href":"https:\/\/www.comarcadelaranda.com\/index.php\/wp-json\/wp\/v2\/users\/2"}],"replies":[{"embeddable":true,"href":"https:\/\/www.comarcadelaranda.com\/index.php\/wp-json\/wp\/v2\/comments?post=2458"}],"version-history":[{"count":8,"href":"https:\/\/www.comarcadelaranda.com\/index.php\/wp-json\/wp\/v2\/posts\/2458\/revisions"}],"predecessor-version":[{"id":2479,"href":"https:\/\/www.comarcadelaranda.com\/index.php\/wp-json\/wp\/v2\/posts\/2458\/revisions\/2479"}],"wp:featuredmedia":[{"embeddable":true,"href":"https:\/\/www.comarcadelaranda.com\/index.php\/wp-json\/wp\/v2\/media\/2456"}],"wp:attachment":[{"href":"https:\/\/www.comarcadelaranda.com\/index.php\/wp-json\/wp\/v2\/media?parent=2458"}],"wp:term":[{"taxonomy":"category","embeddable":true,"href":"https:\/\/www.comarcadelaranda.com\/index.php\/wp-json\/wp\/v2\/categories?post=2458"},{"taxonomy":"post_tag","embeddable":true,"href":"https:\/\/www.comarcadelaranda.com\/index.php\/wp-json\/wp\/v2\/tags?post=2458"}],"curies":[{"name":"wp","href":"https:\/\/api.w.org\/{rel}","templated":true}]}}