{"id":2780,"date":"2025-04-15T13:27:26","date_gmt":"2025-04-15T11:27:26","guid":{"rendered":"https:\/\/www.comarcadelaranda.com\/?p=2780"},"modified":"2025-04-15T16:33:05","modified_gmt":"2025-04-15T14:33:05","slug":"jornada-sobre-emprendimiento-en-la-comarca-del-aranda-con-motivo-de-su-25o-aniversario","status":"publish","type":"post","link":"https:\/\/www.comarcadelaranda.com\/index.php\/2025\/04\/15\/jornada-sobre-emprendimiento-en-la-comarca-del-aranda-con-motivo-de-su-25o-aniversario\/","title":{"rendered":"Jornada sobre emprendimiento en la Comarca del Aranda con motivo de su 25\u00ba aniversario"},"content":{"rendered":"\t\t<div data-elementor-type=\"wp-post\" data-elementor-id=\"2780\" class=\"elementor elementor-2780\" data-elementor-post-type=\"post\">\n\t\t\t\t\t\t<section class=\"elementor-section elementor-top-section elementor-element elementor-element-41ddfe07 elementor-section-height-min-height elementor-section-full_width elementor-section-stretched elementor-section-height-default elementor-section-items-middle\" data-id=\"41ddfe07\" data-element_type=\"section\" data-settings=\"{&quot;background_background&quot;:&quot;classic&quot;,&quot;stretch_section&quot;:&quot;section-stretched&quot;}\">\n\t\t\t\t\t\t\t<div class=\"elementor-background-overlay\"><\/div>\n\t\t\t\t\t\t\t<div class=\"elementor-container elementor-column-gap-default\">\n\t\t\t\t\t<div class=\"elementor-column elementor-col-100 elementor-top-column elementor-element elementor-element-4bee34ff\" data-id=\"4bee34ff\" data-element_type=\"column\">\n\t\t\t<div class=\"elementor-widget-wrap elementor-element-populated\">\n\t\t\t\t\t\t<div class=\"elementor-element elementor-element-2c21383 elementor-align-center elementor-widget elementor-widget-post-info\" data-id=\"2c21383\" data-element_type=\"widget\" data-widget_type=\"post-info.default\">\n\t\t\t\t<div class=\"elementor-widget-container\">\n\t\t\t\t\t\t\t<ul class=\"elementor-inline-items elementor-icon-list-items elementor-post-info\">\n\t\t\t\t\t\t\t\t<li class=\"elementor-icon-list-item elementor-repeater-item-565ccc3 elementor-inline-item\" itemprop=\"datePublished\">\n\t\t\t\t\t\t<a href=\"https:\/\/www.comarcadelaranda.com\/index.php\/2025\/04\/15\/\">\n\t\t\t\t\t\t\t\t\t\t\t<span class=\"elementor-icon-list-icon\">\n\t\t\t\t\t\t\t\t<svg aria-hidden=\"true\" class=\"e-font-icon-svg e-fas-calendar\" viewBox=\"0 0 448 512\" xmlns=\"http:\/\/www.w3.org\/2000\/svg\"><path d=\"M12 192h424c6.6 0 12 5.4 12 12v260c0 26.5-21.5 48-48 48H48c-26.5 0-48-21.5-48-48V204c0-6.6 5.4-12 12-12zm436-44v-36c0-26.5-21.5-48-48-48h-48V12c0-6.6-5.4-12-12-12h-40c-6.6 0-12 5.4-12 12v52H160V12c0-6.6-5.4-12-12-12h-40c-6.6 0-12 5.4-12 12v52H48C21.5 64 0 85.5 0 112v36c0 6.6 5.4 12 12 12h424c6.6 0 12-5.4 12-12z\"><\/path><\/svg>\t\t\t\t\t\t\t<\/span>\n\t\t\t\t\t\t\t\t\t<span class=\"elementor-icon-list-text elementor-post-info__item elementor-post-info__item--type-date\">\n\t\t\t\t\t\t\t\t\t\t<time>abril 15, 2025<\/time>\t\t\t\t\t<\/span>\n\t\t\t\t\t\t\t\t\t<\/a>\n\t\t\t\t<\/li>\n\t\t\t\t<li class=\"elementor-icon-list-item elementor-repeater-item-ebf1b7b elementor-inline-item\">\n\t\t\t\t\t\t\t\t\t\t<span class=\"elementor-icon-list-icon\">\n\t\t\t\t\t\t\t\t<svg aria-hidden=\"true\" class=\"e-font-icon-svg e-far-clock\" viewBox=\"0 0 512 512\" xmlns=\"http:\/\/www.w3.org\/2000\/svg\"><path d=\"M256 8C119 8 8 119 8 256s111 248 248 248 248-111 248-248S393 8 256 8zm0 448c-110.5 0-200-89.5-200-200S145.5 56 256 56s200 89.5 200 200-89.5 200-200 200zm61.8-104.4l-84.9-61.7c-3.1-2.3-4.9-5.9-4.9-9.7V116c0-6.6 5.4-12 12-12h32c6.6 0 12 5.4 12 12v141.7l66.8 48.6c5.4 3.9 6.5 11.4 2.6 16.8L334.6 349c-3.9 5.3-11.4 6.5-16.8 2.6z\"><\/path><\/svg>\t\t\t\t\t\t\t<\/span>\n\t\t\t\t\t\t\t\t\t<span class=\"elementor-icon-list-text elementor-post-info__item elementor-post-info__item--type-time\">\n\t\t\t\t\t\t\t\t\t\t<time>13:27<\/time>\t\t\t\t\t<\/span>\n\t\t\t\t\t\t\t\t<\/li>\n\t\t\t\t<\/ul>\n\t\t\t\t\t\t<\/div>\n\t\t\t\t<\/div>\n\t\t\t\t<div class=\"elementor-element elementor-element-4cacc150 elementor-widget elementor-widget-heading\" data-id=\"4cacc150\" data-element_type=\"widget\" data-widget_type=\"heading.default\">\n\t\t\t\t<div class=\"elementor-widget-container\">\n\t\t\t\t\t<h1 class=\"elementor-heading-title elementor-size-default\">Descubre c\u00f3mo emprender en tu comarca: jornada informativa gratuita en la sede comarcal<\/h1>\t\t\t\t<\/div>\n\t\t\t\t<\/div>\n\t\t\t\t\t<\/div>\n\t\t<\/div>\n\t\t\t\t\t<\/div>\n\t\t<\/section>\n\t\t\t\t<section class=\"elementor-section elementor-top-section elementor-element elementor-element-68e3dfa elementor-section-full_width elementor-section-stretched elementor-section-height-default elementor-section-height-default\" data-id=\"68e3dfa\" data-element_type=\"section\" data-settings=\"{&quot;stretch_section&quot;:&quot;section-stretched&quot;}\">\n\t\t\t\t\t\t<div class=\"elementor-container elementor-column-gap-default\">\n\t\t\t\t\t<div class=\"elementor-column elementor-col-100 elementor-top-column elementor-element elementor-element-3ea692a8\" data-id=\"3ea692a8\" data-element_type=\"column\">\n\t\t\t<div class=\"elementor-widget-wrap elementor-element-populated\">\n\t\t\t\t\t\t<div class=\"elementor-element elementor-element-cc17c2c elementor-widget elementor-widget-text-editor\" data-id=\"cc17c2c\" data-element_type=\"widget\" data-widget_type=\"text-editor.default\">\n\t\t\t\t<div class=\"elementor-widget-container\">\n\t\t\t\t\t\t\t\t\t<p class=\"\" data-start=\"250\" data-end=\"519\">En el marco de las celebraciones por el 25\u00ba aniversario de la Comarca del Aranda, el pr\u00f3ximo <strong data-start=\"343\" data-end=\"365\">jueves 25 de abril<\/strong> tendr\u00e1 lugar una <strong data-start=\"383\" data-end=\"414\">sesi\u00f3n sobre emprendimiento<\/strong> dirigida a todas aquellas personas interesadas en emprender o consolidar sus proyectos en el territorio.<\/p><p class=\"\" data-start=\"521\" data-end=\"833\">La jornada, bajo el t\u00edtulo <strong data-start=\"548\" data-end=\"598\">\u201cRecursos para emprendedores en el territorio\u201d<\/strong>, se celebrar\u00e1 en la <strong data-start=\"619\" data-end=\"654\">Sala Dorada de la sede comarcal<\/strong> y reunir\u00e1 a representantes de entidades clave en el apoyo al emprendimiento, quienes ofrecer\u00e1n informaci\u00f3n pr\u00e1ctica sobre ayudas, programas y servicios disponibles en la comarca.<\/p><p class=\"\" data-start=\"835\" data-end=\"885\">El programa incluye las siguientes intervenciones:<\/p><ul data-start=\"886\" data-end=\"1505\"><li class=\"\" data-start=\"886\" data-end=\"1057\"><p class=\"\" data-start=\"888\" data-end=\"1057\"><strong data-start=\"888\" data-end=\"905\">Jorge Sobrino<\/strong>, t\u00e9cnico de gesti\u00f3n de proyectos de la Fundaci\u00f3n Arag\u00f3n Emprende, presentar\u00e1 el programa <strong data-start=\"995\" data-end=\"1003\">EREA<\/strong> y otras iniciativas de apoyo al emprendimiento rural.<\/p><\/li><li class=\"\" data-start=\"1058\" data-end=\"1217\"><p class=\"\" data-start=\"1060\" data-end=\"1217\"><strong data-start=\"1060\" data-end=\"1077\">Esther Tejido<\/strong>, jefa del Servicio de PYMES de la C\u00e1mara de Comercio de Zaragoza, hablar\u00e1 sobre c\u00f3mo <strong data-start=\"1163\" data-end=\"1186\">emprender con \u00e9xito<\/strong> y qu\u00e9 puede ofrecer la C\u00e1mara.<\/p><\/li><li class=\"\" data-start=\"1218\" data-end=\"1372\"><p class=\"\" data-start=\"1220\" data-end=\"1372\"><strong data-start=\"1220\" data-end=\"1236\">Rosa Ejarque<\/strong>, t\u00e9cnica de la Oficina de Empleo de Calatayud, explicar\u00e1 las <strong data-start=\"1298\" data-end=\"1338\">subvenciones para el empleo aut\u00f3nomo<\/strong> del Instituto Aragon\u00e9s de Empleo.<\/p><\/li><li class=\"\" data-start=\"1373\" data-end=\"1505\"><p class=\"\" data-start=\"1375\" data-end=\"1505\"><strong data-start=\"1375\" data-end=\"1394\">Pablo Barcelona<\/strong>, gerente de ADRI Calatayud\/Aranda, expondr\u00e1 las <strong data-start=\"1443\" data-end=\"1473\">ayudas al desarrollo rural<\/strong> disponibles en el \u00e1mbito local.<\/p><\/li><\/ul><p class=\"\" data-start=\"1507\" data-end=\"1675\">La jornada comenzar\u00e1 a las <strong data-start=\"1534\" data-end=\"1545\">10:30 h<\/strong> con una bienvenida institucional a cargo del presidente de la Comarca del Aranda, <strong data-start=\"1628\" data-end=\"1646\">Javier Lorente<\/strong>, y finalizar\u00e1 a las 12:00 h.<\/p><p class=\"\" data-start=\"1677\" data-end=\"1828\">\ud83d\udccd <strong data-start=\"1680\" data-end=\"1689\">Lugar<\/strong>: Sede de la Comarca del Aranda \u2013 Sala Dorada<br data-start=\"1734\" data-end=\"1737\" \/>\ud83d\udcc6 <strong data-start=\"1740\" data-end=\"1749\">Fecha<\/strong>: Jueves 25 de abril de 2025<br data-start=\"1777\" data-end=\"1780\" \/>\ud83d\udd65 <strong data-start=\"1783\" data-end=\"1791\">Hora<\/strong>: 10:20 h (recepci\u00f3n de asistentes)<\/p><p class=\"\" data-start=\"1830\" data-end=\"1901\"><strong data-start=\"1833\" data-end=\"1870\">Imprescindible inscripci\u00f3n previa<\/strong> en el tel\u00e9fono <strong data-start=\"1886\" data-end=\"1901\">976 548 090<\/strong><\/p><p class=\"\" data-start=\"1903\" data-end=\"2135\">Desde la Comarca se anima a participar en esta sesi\u00f3n a todas las personas interesadas en emprender en el medio rural, una oportunidad para conocer recursos, resolver dudas y establecer contacto directo con profesionales del sector.<\/p>\t\t\t\t\t\t\t\t<\/div>\n\t\t\t\t<\/div>\n\t\t\t\t\t<\/div>\n\t\t<\/div>\n\t\t\t\t\t<\/div>\n\t\t<\/section>\n\t\t<div class=\"elementor-element elementor-element-e01083b e-flex e-con-boxed e-con e-parent\" data-id=\"e01083b\" data-element_type=\"container\">\n\t\t\t\t\t<div class=\"e-con-inner\">\n\t\t\t\t<div class=\"elementor-element elementor-element-57be7c3 elementor-widget elementor-widget-image\" data-id=\"57be7c3\" data-element_type=\"widget\" data-widget_type=\"image.default\">\n\t\t\t\t<div class=\"elementor-widget-container\">\n\t\t\t\t\t\t\t\t\t\t\t\t\t\t\t<img fetchpriority=\"high\" decoding=\"async\" width=\"631\" height=\"892\" src=\"https:\/\/www.comarcadelaranda.com\/wp-content\/uploads\/2025\/04\/jornada-emprendimiento-comarca-aranda.png\" class=\"attachment-large size-large wp-image-2785\" alt=\"\u201cRecursos para emprendedores en el territorio\u201d\" srcset=\"https:\/\/www.comarcadelaranda.com\/wp-content\/uploads\/2025\/04\/jornada-emprendimiento-comarca-aranda.png 631w, https:\/\/www.comarcadelaranda.com\/wp-content\/uploads\/2025\/04\/jornada-emprendimiento-comarca-aranda-212x300.png 212w\" sizes=\"(max-width: 631px) 100vw, 631px\" \/>\t\t\t\t\t\t\t\t\t\t\t\t\t\t\t<\/div>\n\t\t\t\t<\/div>\n\t\t\t\t\t<\/div>\n\t\t\t\t<\/div>\n\t\t\t\t<\/div>\n\t\t","protected":false},"excerpt":{"rendered":"<p>En el marco de las celebraciones por el 25\u00ba aniversario de la Comarca del Aranda, el pr\u00f3ximo jueves 25 de abril tendr\u00e1 lugar una sesi\u00f3n sobre emprendimiento dirigida a todas aquellas personas interesadas en emprender o consolidar sus proyectos en el territorio.<\/p>\n","protected":false},"author":2,"featured_media":2782,"comment_status":"open","ping_status":"closed","sticky":false,"template":"elementor_header_footer","format":"standard","meta":{"site-sidebar-layout":"default","site-content-layout":"","ast-site-content-layout":"","site-content-style":"default","site-sidebar-style":"default","ast-global-header-display":"","ast-banner-title-visibility":"","ast-main-header-display":"","ast-hfb-above-header-display":"","ast-hfb-below-header-display":"","ast-hfb-mobile-header-display":"","site-post-title":"","ast-breadcrumbs-content":"","ast-featured-img":"","footer-sml-layout":"","theme-transparent-header-meta":"","adv-header-id-meta":"","stick-header-meta":"","header-above-stick-meta":"","header-main-stick-meta":"","header-below-stick-meta":"","astra-migrate-meta-layouts":"default","ast-page-background-enabled":"default","ast-page-background-meta":{"desktop":{"background-color":"var(--ast-global-color-5)","background-image":"","background-repeat":"repeat","background-position":"center center","background-size":"auto","background-attachment":"scroll","background-type":"","background-media":"","overlay-type":"","overlay-color":"","overlay-opacity":"","overlay-gradient":""},"tablet":{"background-color":"","background-image":"","background-repeat":"repeat","background-position":"center center","background-size":"auto","background-attachment":"scroll","background-type":"","background-media":"","overlay-type":"","overlay-color":"","overlay-opacity":"","overlay-gradient":""},"mobile":{"background-color":"","background-image":"","background-repeat":"repeat","background-position":"center center","background-size":"auto","background-attachment":"scroll","background-type":"","background-media":"","overlay-type":"","overlay-color":"","overlay-opacity":"","overlay-gradient":""}},"ast-content-background-meta":{"desktop":{"background-color":"var(--ast-global-color-4)","background-image":"","background-repeat":"repeat","background-position":"center center","background-size":"auto","background-attachment":"scroll","background-type":"","background-media":"","overlay-type":"","overlay-color":"","overlay-opacity":"","overlay-gradient":""},"tablet":{"background-color":"var(--ast-global-color-4)","background-image":"","background-repeat":"repeat","background-position":"center center","background-size":"auto","background-attachment":"scroll","background-type":"","background-media":"","overlay-type":"","overlay-color":"","overlay-opacity":"","overlay-gradient":""},"mobile":{"background-color":"var(--ast-global-color-4)","background-image":"","background-repeat":"repeat","background-position":"center center","background-size":"auto","background-attachment":"scroll","background-type":"","background-media":"","overlay-type":"","overlay-color":"","overlay-opacity":"","overlay-gradient":""}},"footnotes":""},"categories":[1],"tags":[],"class_list":["post-2780","post","type-post","status-publish","format-standard","has-post-thumbnail","hentry","category-uncategorized"],"_links":{"self":[{"href":"https:\/\/www.comarcadelaranda.com\/index.php\/wp-json\/wp\/v2\/posts\/2780","targetHints":{"allow":["GET"]}}],"collection":[{"href":"https:\/\/www.comarcadelaranda.com\/index.php\/wp-json\/wp\/v2\/posts"}],"about":[{"href":"https:\/\/www.comarcadelaranda.com\/index.php\/wp-json\/wp\/v2\/types\/post"}],"author":[{"embeddable":true,"href":"https:\/\/www.comarcadelaranda.com\/index.php\/wp-json\/wp\/v2\/users\/2"}],"replies":[{"embeddable":true,"href":"https:\/\/www.comarcadelaranda.com\/index.php\/wp-json\/wp\/v2\/comments?post=2780"}],"version-history":[{"count":8,"href":"https:\/\/www.comarcadelaranda.com\/index.php\/wp-json\/wp\/v2\/posts\/2780\/revisions"}],"predecessor-version":[{"id":2805,"href":"https:\/\/www.comarcadelaranda.com\/index.php\/wp-json\/wp\/v2\/posts\/2780\/revisions\/2805"}],"wp:featuredmedia":[{"embeddable":true,"href":"https:\/\/www.comarcadelaranda.com\/index.php\/wp-json\/wp\/v2\/media\/2782"}],"wp:attachment":[{"href":"https:\/\/www.comarcadelaranda.com\/index.php\/wp-json\/wp\/v2\/media?parent=2780"}],"wp:term":[{"taxonomy":"category","embeddable":true,"href":"https:\/\/www.comarcadelaranda.com\/index.php\/wp-json\/wp\/v2\/categories?post=2780"},{"taxonomy":"post_tag","embeddable":true,"href":"https:\/\/www.comarcadelaranda.com\/index.php\/wp-json\/wp\/v2\/tags?post=2780"}],"curies":[{"name":"wp","href":"https:\/\/api.w.org\/{rel}","templated":true}]}}