{"id":4563,"date":"2026-03-17T08:31:42","date_gmt":"2026-03-17T07:31:42","guid":{"rendered":"https:\/\/www.comarcadelaranda.com\/?p=4563"},"modified":"2026-03-17T08:43:40","modified_gmt":"2026-03-17T07:43:40","slug":"clausura-del-programa-de-atencion-sociosanitaria-en-la-comarca-del-aranda","status":"publish","type":"post","link":"https:\/\/www.comarcadelaranda.com\/index.php\/2026\/03\/17\/clausura-del-programa-de-atencion-sociosanitaria-en-la-comarca-del-aranda\/","title":{"rendered":"Clausura del Programa de Atenci\u00f3n Sociosanitaria en la Comarca del Aranda"},"content":{"rendered":"\t\t<div data-elementor-type=\"wp-post\" data-elementor-id=\"4563\" class=\"elementor elementor-4563\" data-elementor-post-type=\"post\">\n\t\t\t\t\t\t<section class=\"elementor-section elementor-top-section elementor-element elementor-element-41ddfe07 elementor-section-height-min-height elementor-section-full_width elementor-section-stretched elementor-section-height-default elementor-section-items-middle\" data-id=\"41ddfe07\" data-element_type=\"section\" data-settings=\"{&quot;background_background&quot;:&quot;classic&quot;,&quot;stretch_section&quot;:&quot;section-stretched&quot;}\">\n\t\t\t\t\t\t\t<div class=\"elementor-background-overlay\"><\/div>\n\t\t\t\t\t\t\t<div class=\"elementor-container elementor-column-gap-default\">\n\t\t\t\t\t<div class=\"elementor-column elementor-col-100 elementor-top-column elementor-element elementor-element-4bee34ff\" data-id=\"4bee34ff\" data-element_type=\"column\">\n\t\t\t<div class=\"elementor-widget-wrap elementor-element-populated\">\n\t\t\t\t\t\t<div class=\"elementor-element elementor-element-2c21383 elementor-align-center elementor-widget elementor-widget-post-info\" data-id=\"2c21383\" data-element_type=\"widget\" data-widget_type=\"post-info.default\">\n\t\t\t\t<div class=\"elementor-widget-container\">\n\t\t\t\t\t\t\t<ul class=\"elementor-inline-items elementor-icon-list-items elementor-post-info\">\n\t\t\t\t\t\t\t\t<li class=\"elementor-icon-list-item elementor-repeater-item-565ccc3 elementor-inline-item\" itemprop=\"datePublished\">\n\t\t\t\t\t\t<a href=\"https:\/\/www.comarcadelaranda.com\/index.php\/2026\/03\/17\/\">\n\t\t\t\t\t\t\t\t\t\t\t<span class=\"elementor-icon-list-icon\">\n\t\t\t\t\t\t\t\t<svg aria-hidden=\"true\" class=\"e-font-icon-svg e-fas-calendar\" viewBox=\"0 0 448 512\" xmlns=\"http:\/\/www.w3.org\/2000\/svg\"><path d=\"M12 192h424c6.6 0 12 5.4 12 12v260c0 26.5-21.5 48-48 48H48c-26.5 0-48-21.5-48-48V204c0-6.6 5.4-12 12-12zm436-44v-36c0-26.5-21.5-48-48-48h-48V12c0-6.6-5.4-12-12-12h-40c-6.6 0-12 5.4-12 12v52H160V12c0-6.6-5.4-12-12-12h-40c-6.6 0-12 5.4-12 12v52H48C21.5 64 0 85.5 0 112v36c0 6.6 5.4 12 12 12h424c6.6 0 12-5.4 12-12z\"><\/path><\/svg>\t\t\t\t\t\t\t<\/span>\n\t\t\t\t\t\t\t\t\t<span class=\"elementor-icon-list-text elementor-post-info__item elementor-post-info__item--type-date\">\n\t\t\t\t\t\t\t\t\t\t<time>marzo 17, 2026<\/time>\t\t\t\t\t<\/span>\n\t\t\t\t\t\t\t\t\t<\/a>\n\t\t\t\t<\/li>\n\t\t\t\t<li class=\"elementor-icon-list-item elementor-repeater-item-ebf1b7b elementor-inline-item\">\n\t\t\t\t\t\t\t\t\t\t<span class=\"elementor-icon-list-icon\">\n\t\t\t\t\t\t\t\t<svg aria-hidden=\"true\" class=\"e-font-icon-svg e-far-clock\" viewBox=\"0 0 512 512\" xmlns=\"http:\/\/www.w3.org\/2000\/svg\"><path d=\"M256 8C119 8 8 119 8 256s111 248 248 248 248-111 248-248S393 8 256 8zm0 448c-110.5 0-200-89.5-200-200S145.5 56 256 56s200 89.5 200 200-89.5 200-200 200zm61.8-104.4l-84.9-61.7c-3.1-2.3-4.9-5.9-4.9-9.7V116c0-6.6 5.4-12 12-12h32c6.6 0 12 5.4 12 12v141.7l66.8 48.6c5.4 3.9 6.5 11.4 2.6 16.8L334.6 349c-3.9 5.3-11.4 6.5-16.8 2.6z\"><\/path><\/svg>\t\t\t\t\t\t\t<\/span>\n\t\t\t\t\t\t\t\t\t<span class=\"elementor-icon-list-text elementor-post-info__item elementor-post-info__item--type-time\">\n\t\t\t\t\t\t\t\t\t\t<time>08:31<\/time>\t\t\t\t\t<\/span>\n\t\t\t\t\t\t\t\t<\/li>\n\t\t\t\t<\/ul>\n\t\t\t\t\t\t<\/div>\n\t\t\t\t<\/div>\n\t\t\t\t<div class=\"elementor-element elementor-element-4cacc150 elementor-widget elementor-widget-heading\" data-id=\"4cacc150\" data-element_type=\"widget\" data-widget_type=\"heading.default\">\n\t\t\t\t<div class=\"elementor-widget-container\">\n\t\t\t\t\t<h1 class=\"elementor-heading-title elementor-size-default\">Clausura del programa de atenci\u00f3n sociosanitaria en la Comarca del Aranda<\/h1>\t\t\t\t<\/div>\n\t\t\t\t<\/div>\n\t\t\t\t\t<\/div>\n\t\t<\/div>\n\t\t\t\t\t<\/div>\n\t\t<\/section>\n\t\t\t\t<section class=\"elementor-section elementor-top-section elementor-element elementor-element-68e3dfa elementor-section-full_width elementor-section-stretched elementor-section-height-default elementor-section-height-default\" data-id=\"68e3dfa\" data-element_type=\"section\" data-settings=\"{&quot;stretch_section&quot;:&quot;section-stretched&quot;}\">\n\t\t\t\t\t\t<div class=\"elementor-container elementor-column-gap-default\">\n\t\t\t\t\t<div class=\"elementor-column elementor-col-100 elementor-top-column elementor-element elementor-element-3ea692a8\" data-id=\"3ea692a8\" data-element_type=\"column\">\n\t\t\t<div class=\"elementor-widget-wrap elementor-element-populated\">\n\t\t\t\t\t\t<div class=\"elementor-element elementor-element-cc17c2c elementor-widget elementor-widget-text-editor\" data-id=\"cc17c2c\" data-element_type=\"widget\" data-widget_type=\"text-editor.default\">\n\t\t\t\t<div class=\"elementor-widget-container\">\n\t\t\t\t\t\t\t\t\t<h1 data-path-to-node=\"2\">Diez alumnos completan con \u00e9xito el Programa Experiencial de Atenci\u00f3n Sociosanitaria en la Comarca del Aranda<\/h1><blockquote data-path-to-node=\"6\"><p data-path-to-node=\"6,0\"><b data-path-to-node=\"6,0\" data-index-in-node=\"0\">Esta iniciativa, financiada por el INAEM, ha permitido a los participantes obtener titulaciones oficiales tras completar 1.920 horas de formaci\u00f3n te\u00f3rica y pr\u00e1ctica en centros de mayores y servicios de ayuda a domicilio de la zona.<\/b><\/p><\/blockquote><p data-path-to-node=\"8\">Tras doce meses de intensa actividad, este proyecto mixto de formaci\u00f3n y empleo ha cumplido su objetivo principal: mejorar la empleabilidad de sus diez alumnos mediante un sistema de pr\u00e1cticas en alternancia que ha llegado a su fin este pasado viernes.<\/p><h2 data-path-to-node=\"9\">Formaci\u00f3n integral y certificados de profesionalidad<\/h2><p data-path-to-node=\"10\">A lo largo del \u00faltimo a\u00f1o, los alumnos y alumnas trabajadores han obtenido la formaci\u00f3n completa necesaria para los certificados de profesionalidad en <b data-path-to-node=\"10\" data-index-in-node=\"151\">\u201cAtenci\u00f3n Sociosanitaria a Personas Dependientes en Instituciones Sociales\u201d<\/b> y <b data-path-to-node=\"10\" data-index-in-node=\"229\">\u201cAtenci\u00f3n Sociosanitaria a Personas en Domicilio\u201d<\/b>. Estas titulaciones les habilitan oficialmente para su futuro desarrollo profesional en el sector.<\/p><p data-path-to-node=\"11\">Adem\u00e1s de la especializaci\u00f3n t\u00e9cnica, los participantes han recibido capacitaci\u00f3n en \u00e1reas clave como:<\/p><ul data-path-to-node=\"12\"><li><p data-path-to-node=\"12,0,0\">Orientaci\u00f3n Laboral.<\/p><\/li><li><p data-path-to-node=\"12,1,0\">Competencias Digitales.<\/p><\/li><li><p data-path-to-node=\"12,2,0\">Prevenci\u00f3n de Riesgos Laborales.<\/p><\/li><\/ul><p data-path-to-node=\"13\">El aprendizaje se ha complementado con visitas formativas, asistencia a talleres espec\u00edficos, jornadas t\u00e9cnicas y charlas de expertos.<\/p><h2 data-path-to-node=\"14\">Pr\u00e1cticas en el entorno local<\/h2><p data-path-to-node=\"15\">Un pilar fundamental del programa ha sido la aplicaci\u00f3n pr\u00e1ctica de los conocimientos, desarrollada en la <b data-path-to-node=\"15\" data-index-in-node=\"106\">Residencia de Mayores \u201cComarca del Aranda\u201d<\/b> (donde tambi\u00e9n se ubicaba el aula formativa) y en el <b data-path-to-node=\"15\" data-index-in-node=\"202\">Servicio de Ayuda a Domicilio<\/b> de la comarca.<\/p><p data-path-to-node=\"16\">El proyecto ha sido coordinado por un equipo directivo y docente encargado de planificar todos los \u00e1mbitos del desarrollo profesional, uniendo la teor\u00eda con la realidad asistencial del territorio.<\/p><h2 data-path-to-node=\"17\">Acto de clausura y entrega de diplomas<\/h2><p data-path-to-node=\"18\">Como colof\u00f3n a este a\u00f1o de formaci\u00f3n, la <b data-path-to-node=\"18\" data-index-in-node=\"41\">Sede Comarcal<\/b> acogi\u00f3 el acto oficial de clausura. Durante el evento, la directora del programa, <b data-path-to-node=\"18\" data-index-in-node=\"137\">Ruth Arrizabalaga<\/b>, present\u00f3 las acciones desarrolladas y los logros alcanzados.<\/p><p data-path-to-node=\"19\">Finalmente, el Presidente de la Comarca del Aranda, <b data-path-to-node=\"19\" data-index-in-node=\"52\">Javier Lorente<\/b>, y el Director de la Oficina de Empleo de Calatayud, <b data-path-to-node=\"19\" data-index-in-node=\"120\">Adolfo Respau<\/b>, hicieron entrega de los diplomas acreditativos a los diez alumnos, reconociendo su esfuerzo y la importancia de contar con personal cualificado para el cuidado de las personas dependientes en la comarca.<\/p>\t\t\t\t\t\t\t\t<\/div>\n\t\t\t\t<\/div>\n\t\t\t\t\t<\/div>\n\t\t<\/div>\n\t\t\t\t\t<\/div>\n\t\t<\/section>\n\t\t<div class=\"elementor-element elementor-element-dc42ecc e-flex e-con-boxed e-con e-parent\" data-id=\"dc42ecc\" data-element_type=\"container\">\n\t\t\t\t\t<div class=\"e-con-inner\">\n\t\t\t\t<div class=\"elementor-element elementor-element-592a071 premium-wrapper-link-yes elementor-widget elementor-widget-image\" data-id=\"592a071\" data-element_type=\"widget\" data-widget_type=\"image.default\">\n\t\t\t\t<div class=\"elementor-widget-container\">\n\t\t\t\t\t\t\t\t\t\t\t\t\t\t\t\t<a href=\"https:\/\/www.comarcadelaranda.com\/wp-content\/uploads\/2026\/03\/clausura-1-V.jpg\" data-elementor-open-lightbox=\"yes\" data-elementor-lightbox-title=\"clausura-1-V\" data-e-action-hash=\"#elementor-action%3Aaction%3Dlightbox%26settings%3DeyJpZCI6NDU2NiwidXJsIjoiaHR0cHM6XC9cL3d3dy5jb21hcmNhZGVsYXJhbmRhLmNvbVwvd3AtY29udGVudFwvdXBsb2Fkc1wvMjAyNlwvMDNcL2NsYXVzdXJhLTEtVi5qcGcifQ%3D%3D\">\n\t\t\t\t\t\t\t<img fetchpriority=\"high\" decoding=\"async\" width=\"768\" height=\"1087\" src=\"https:\/\/www.comarcadelaranda.com\/wp-content\/uploads\/2026\/03\/clausura-1-V-768x1087.jpg\" class=\"attachment-medium_large size-medium_large wp-image-4566\" alt=\"\" srcset=\"https:\/\/www.comarcadelaranda.com\/wp-content\/uploads\/2026\/03\/clausura-1-V-768x1087.jpg 768w, https:\/\/www.comarcadelaranda.com\/wp-content\/uploads\/2026\/03\/clausura-1-V-212x300.jpg 212w, https:\/\/www.comarcadelaranda.com\/wp-content\/uploads\/2026\/03\/clausura-1-V-724x1024.jpg 724w, https:\/\/www.comarcadelaranda.com\/wp-content\/uploads\/2026\/03\/clausura-1-V-1085x1536.jpg 1085w, https:\/\/www.comarcadelaranda.com\/wp-content\/uploads\/2026\/03\/clausura-1-V.jpg 1240w\" sizes=\"(max-width: 768px) 100vw, 768px\" \/>\t\t\t\t\t\t\t\t<\/a>\n\t\t\t\t\t\t\t\t\t\t\t\t\t\t\t<\/div>\n\t\t\t\t<\/div>\n\t\t\t\t\t<\/div>\n\t\t\t\t<\/div>\n\t\t\t\t<\/div>\n\t\t","protected":false},"excerpt":{"rendered":"<p>Tras un a\u00f1o de formaci\u00f3n y 1920 horas de pr\u00e1cticas, diez alumnos de la Comarca del Aranda reciben sus diplomas en los certificados de Atenci\u00f3n Sociosanitaria.<\/p>\n","protected":false},"author":2,"featured_media":4564,"comment_status":"closed","ping_status":"closed","sticky":false,"template":"","format":"standard","meta":{"site-sidebar-layout":"default","site-content-layout":"","ast-site-content-layout":"","site-content-style":"default","site-sidebar-style":"default","ast-global-header-display":"","ast-banner-title-visibility":"","ast-main-header-display":"","ast-hfb-above-header-display":"","ast-hfb-below-header-display":"","ast-hfb-mobile-header-display":"","site-post-title":"","ast-breadcrumbs-content":"","ast-featured-img":"","footer-sml-layout":"","theme-transparent-header-meta":"","adv-header-id-meta":"","stick-header-meta":"","header-above-stick-meta":"","header-main-stick-meta":"","header-below-stick-meta":"","astra-migrate-meta-layouts":"default","ast-page-background-enabled":"default","ast-page-background-meta":{"desktop":{"background-color":"var(--ast-global-color-5)","background-image":"","background-repeat":"repeat","background-position":"center center","background-size":"auto","background-attachment":"scroll","background-type":"","background-media":"","overlay-type":"","overlay-color":"","overlay-opacity":"","overlay-gradient":""},"tablet":{"background-color":"","background-image":"","background-repeat":"repeat","background-position":"center center","background-size":"auto","background-attachment":"scroll","background-type":"","background-media":"","overlay-type":"","overlay-color":"","overlay-opacity":"","overlay-gradient":""},"mobile":{"background-color":"","background-image":"","background-repeat":"repeat","background-position":"center center","background-size":"auto","background-attachment":"scroll","background-type":"","background-media":"","overlay-type":"","overlay-color":"","overlay-opacity":"","overlay-gradient":""}},"ast-content-background-meta":{"desktop":{"background-color":"var(--ast-global-color-4)","background-image":"","background-repeat":"repeat","background-position":"center center","background-size":"auto","background-attachment":"scroll","background-type":"","background-media":"","overlay-type":"","overlay-color":"","overlay-opacity":"","overlay-gradient":""},"tablet":{"background-color":"var(--ast-global-color-4)","background-image":"","background-repeat":"repeat","background-position":"center center","background-size":"auto","background-attachment":"scroll","background-type":"","background-media":"","overlay-type":"","overlay-color":"","overlay-opacity":"","overlay-gradient":""},"mobile":{"background-color":"var(--ast-global-color-4)","background-image":"","background-repeat":"repeat","background-position":"center center","background-size":"auto","background-attachment":"scroll","background-type":"","background-media":"","overlay-type":"","overlay-color":"","overlay-opacity":"","overlay-gradient":""}},"footnotes":""},"categories":[1],"tags":[],"class_list":["post-4563","post","type-post","status-publish","format-standard","has-post-thumbnail","hentry","category-uncategorized"],"_links":{"self":[{"href":"https:\/\/www.comarcadelaranda.com\/index.php\/wp-json\/wp\/v2\/posts\/4563","targetHints":{"allow":["GET"]}}],"collection":[{"href":"https:\/\/www.comarcadelaranda.com\/index.php\/wp-json\/wp\/v2\/posts"}],"about":[{"href":"https:\/\/www.comarcadelaranda.com\/index.php\/wp-json\/wp\/v2\/types\/post"}],"author":[{"embeddable":true,"href":"https:\/\/www.comarcadelaranda.com\/index.php\/wp-json\/wp\/v2\/users\/2"}],"replies":[{"embeddable":true,"href":"https:\/\/www.comarcadelaranda.com\/index.php\/wp-json\/wp\/v2\/comments?post=4563"}],"version-history":[{"count":4,"href":"https:\/\/www.comarcadelaranda.com\/index.php\/wp-json\/wp\/v2\/posts\/4563\/revisions"}],"predecessor-version":[{"id":4570,"href":"https:\/\/www.comarcadelaranda.com\/index.php\/wp-json\/wp\/v2\/posts\/4563\/revisions\/4570"}],"wp:featuredmedia":[{"embeddable":true,"href":"https:\/\/www.comarcadelaranda.com\/index.php\/wp-json\/wp\/v2\/media\/4564"}],"wp:attachment":[{"href":"https:\/\/www.comarcadelaranda.com\/index.php\/wp-json\/wp\/v2\/media?parent=4563"}],"wp:term":[{"taxonomy":"category","embeddable":true,"href":"https:\/\/www.comarcadelaranda.com\/index.php\/wp-json\/wp\/v2\/categories?post=4563"},{"taxonomy":"post_tag","embeddable":true,"href":"https:\/\/www.comarcadelaranda.com\/index.php\/wp-json\/wp\/v2\/tags?post=4563"}],"curies":[{"name":"wp","href":"https:\/\/api.w.org\/{rel}","templated":true}]}}